{"id":13671,"date":"2024-04-18T15:33:57","date_gmt":"2024-04-18T13:33:57","guid":{"rendered":"https:\/\/www.noventiz.de\/?p=13671"},"modified":"2025-02-18T08:23:07","modified_gmt":"2025-02-18T07:23:07","slug":"reconomy-opens-innovative-tech-hub-recotek-in-bukarest","status":"publish","type":"post","link":"https:\/\/www.noventiz.de\/en\/reconomy-opens-innovative-tech-hub-recotek-in-bukarest\/","title":{"rendered":"Reco\u00adno\u00admy opens inno\u00adva\u00adti\u00adve tech hub RecoTek in Bucha\u00adrest"},"content":{"rendered":"\t\t<div data-elementor-type=\"wp-post\" data-elementor-id=\"13671\" class=\"elementor elementor-13671 elementor-13619\" data-elementor-post-type=\"post\">\n\t\t\t\t\t\t<section class=\"elementor-section elementor-top-section elementor-element elementor-element-80d5cc1 elementor-section-boxed elementor-section-height-default elementor-section-height-default\" data-id=\"80d5cc1\" data-element_type=\"section\" data-e-type=\"section\">\n\t\t\t\t\t\t<div class=\"elementor-container elementor-column-gap-default\">\n\t\t\t\t\t<div class=\"elementor-column elementor-col-100 elementor-top-column elementor-element elementor-element-de98b96\" data-id=\"de98b96\" data-element_type=\"column\" data-e-type=\"column\">\n\t\t\t<div class=\"elementor-widget-wrap elementor-element-populated\">\n\t\t\t\t\t\t<div class=\"elementor-element elementor-element-1909a7a elementor-widget elementor-widget-text-editor\" data-id=\"1909a7a\" data-element_type=\"widget\" data-e-type=\"widget\" data-widget_type=\"text-editor.default\">\n\t\t\t\t\t\t\t\t\t<p>Reco\u00adno\u00admy, the inter\u00adna\u00adtio\u00adnal cir\u00adcu\u00adlar eco\u00adno\u00admy spe\u00adcia\u00adlist, is deligh\u00adted to announ\u00adce the next step in its growth stra\u00adtegy with the launch of RecoTek \u2013 its new tech\u00adno\u00adlo\u00adgy hub in Bucha\u00adrest, Roma\u00adnia.<\/p><p>Reco\u00adno\u00admy is a pio\u00adneer in Gre\u00aden\u00adtech, pro\u00advi\u00adding plat\u00adforms and pro\u00adces\u00adses for depo\u00adsit return sys\u00adtems, rever\u00adse ven\u00adding, pack\u00ada\u00adging and elec\u00adtri\u00adcal com\u00adpli\u00adance and recy\u00adcling as well as pro\u00adduct reu\u00adse and return on an inter\u00adna\u00adtio\u00adnal sca\u00adle for the world\u2019s lar\u00adgest brands.<\/p><p>Reco\u00adno\u00admy is alig\u00adning its tech\u00adno\u00adlo\u00adgy func\u00adtion with its wider stra\u00adte\u00adgic objec\u00adti\u00adves as it tran\u00adsi\u00adti\u00adons to a cen\u00adtral\u00adly led tech\u00adno\u00adlo\u00adgy ope\u00adra\u00adting model under\u00adpin\u00adned by RecoTek, sup\u00adport\u00ading all of its brands fol\u00adlo\u00adwing a peri\u00adod of rapid growth inclu\u00adding num\u00ade\u00adrous acqui\u00adsi\u00adti\u00adons.<\/p><p>Invest\u00adment in the tech\u00adno\u00adlo\u00adgy talent &amp; infra\u00adstruc\u00adtu\u00adre of the busi\u00adness will allow Reco\u00adno\u00admy to in-source and cen\u00adtra\u00adli\u00adse its tech\u00adno\u00adlo\u00adgy ope\u00adra\u00adti\u00adons, acce\u00adle\u00adra\u00adting pro\u00adduct deve\u00adlo\u00adp\u00adment, con\u00adti\u00adnuous\u00adly impro\u00adving its plat\u00adforms and ser\u00advices and remo\u00adving cos\u00adt\u00adly out\u00adsour\u00adced con\u00adtract pro\u00advi\u00adders.<\/p><p>Reco\u00adno\u00admy is focu\u00adsed on a stra\u00adtegy of tech\u00adno\u00adlo\u00adgy-ena\u00adblem\u00adent, dyna\u00admic and accu\u00adra\u00adte data for its glo\u00adbal cus\u00adto\u00admer-base and dedi\u00adca\u00adted ser\u00advice pro\u00adpo\u00adsi\u00adti\u00adons for a broad ran\u00adge of indus\u00adtries. Buil\u00adding out its tech\u00adno\u00adlo\u00adgy capa\u00adbi\u00adli\u00adties will sup\u00adport its pur\u00adpo\u00adse of offe\u00adring com\u00adpre\u00adhen\u00adsi\u00adve solu\u00adti\u00adons to lea\u00adding brands across the world that want to adopt cir\u00adcu\u00adlar eco\u00adno\u00admy approa\u00adches and impro\u00adve their ESG out\u00adco\u00admes.<\/p><p>Mem\u00adbers of the Reco\u00adno\u00admy exe\u00adcu\u00adti\u00adve team inclu\u00adding Chief Exe\u00adcu\u00adti\u00adve Guy Wake\u00adley &amp; Chief Infor\u00adma\u00adti\u00adon Offi\u00adcer Jody Full\u00adman joi\u00adn\u00aded RecoTek Gene\u00adral Mana\u00adger, Maria\u00adna Sbar\u00adcea to open the site on Tues\u00adday 6 Febru\u00adary. Local repre\u00adsen\u00adta\u00adti\u00adves and part\u00adners joi\u00adn\u00aded RecoTek col\u00adle\u00adagues for a tour of the site and recei\u00adved a pre\u00adsen\u00adta\u00adti\u00adon on Reconomy\u2019s exci\u00adting growth plans.<\/p><p>Bucha\u00adrest is an estab\u00adlished and gro\u00adwing epi\u00adcent\u00adre of tech\u00adno\u00adlo\u00adgy with a young, diver\u00adse, and high\u00adly-tech\u00adni\u00adcal talent pool. Reco\u00adno\u00admy envi\u00adsi\u00adons employ\u00ading up to 150 peo\u00adp\u00adle at the RecoTek site, which is loca\u00adted at the Pla\u00adti\u00adnum-cer\u00adti\u00adfied Lea\u00adder\u00adship in Ener\u00adgy and Envi\u00adron\u00admen\u00adtal Design (LEED) Busi\u00adness Gar\u00adden cam\u00adpus.<\/p>\t\t\t\t\t\t\t\t<\/div>\n\t\t\t\t\t<\/div>\n\t\t<\/div>\n\t\t\t\t\t<\/div>\n\t\t<\/section>\n\t\t\t\t<section class=\"elementor-section elementor-top-section elementor-element elementor-element-b28bff1 elementor-section-boxed elementor-section-height-default elementor-section-height-default\" data-id=\"b28bff1\" data-element_type=\"section\" data-e-type=\"section\">\n\t\t\t\t\t\t<div class=\"elementor-container elementor-column-gap-default\">\n\t\t\t\t\t<div class=\"elementor-column elementor-col-50 elementor-top-column elementor-element elementor-element-07ae4d2\" data-id=\"07ae4d2\" data-element_type=\"column\" data-e-type=\"column\">\n\t\t\t<div class=\"elementor-widget-wrap elementor-element-populated\">\n\t\t\t\t\t\t<div class=\"elementor-element elementor-element-495eb5f elementor-view-default elementor-widget elementor-widget-icon\" data-id=\"495eb5f\" data-element_type=\"widget\" data-e-type=\"widget\" data-widget_type=\"icon.default\">\n\t\t\t\t\t\t\t<div class=\"elementor-icon-wrapper\">\n\t\t\t<div class=\"elementor-icon\">\n\t\t\t<svg aria-hidden=\"true\" class=\"e-font-icon-svg e-fas-quote-right\" viewBox=\"0 0 512 512\"><path d=\"M464 32H336c-26.5 0-48 21.5-48 48v128c0 26.5 21.5 48 48 48h80v64c0 35.3-28.7 64-64 64h-8c-13.3 0-24 10.7-24 24v48c0 13.3 10.7 24 24 24h8c88.4 0 160-71.6 160-160V80c0-26.5-21.5-48-48-48zm-288 0H48C21.5 32 0 53.5 0 80v128c0 26.5 21.5 48 48 48h80v64c0 35.3-28.7 64-64 64h-8c-13.3 0-24 10.7-24 24v48c0 13.3 10.7 24 24 24h8c88.4 0 160-71.6 160-160V80c0-26.5-21.5-48-48-48z\" \/><\/svg>\t\t\t<\/div>\n\t\t<\/div>\n\t\t\t\t\t\t<\/div>\n\t\t\t\t\t<\/div>\n\t\t<\/div>\n\t\t\t\t<div class=\"elementor-column elementor-col-50 elementor-top-column elementor-element elementor-element-f39e577\" data-id=\"f39e577\" data-element_type=\"column\" data-e-type=\"column\">\n\t\t\t<div class=\"elementor-widget-wrap elementor-element-populated\">\n\t\t\t\t\t\t<div class=\"elementor-element elementor-element-3fe2570 elementor-widget elementor-widget-text-editor\" data-id=\"3fe2570\" data-element_type=\"widget\" data-e-type=\"widget\" data-widget_type=\"text-editor.default\">\n\t\t\t\t\t\t\t\t\t<p><strong>Jody Full\u00adman, Chief Infor\u00adma\u00adti\u00adon Offi\u00adcer at Reco\u00adno\u00admy, <\/strong>said:<\/p><p>\u201cWe are deligh\u00adted to estab\u00adlish RecoTek in Bucha\u00adrest, a thri\u00adving city of inno\u00adva\u00adti\u00adon and talent. RecoTek will allow us to expand our digi\u00adtal infra\u00adstruc\u00adtu\u00adre, ali\u00adgn our tech\u00adno\u00adlo\u00adgy stra\u00adtegy with Reconomy\u2019s stra\u00adte\u00adgic objec\u00adti\u00adves and sup\u00adport our brands in offe\u00adring mar\u00adket-lea\u00adding pro\u00adducts to cus\u00adto\u00admers. It repres\u00adents an exci\u00adting inflec\u00adtion point for Reco\u00adno\u00admy fol\u00adlo\u00adwing a peri\u00adod of rapid orga\u00adnic and acqui\u00adsi\u00adti\u00adve expan\u00adsi\u00adon, as we cen\u00adtra\u00adli\u00adse our mis\u00adsi\u00adon-cri\u00adti\u00adcal tech\u00adno\u00adlo\u00adgy func\u00adtion to cata\u00adly\u00adse the next pha\u00adse of our growth jour\u00adney.\u201d<\/p><p><strong>Guy Wake\u00adley, Chief Exe\u00adcu\u00adti\u00adve at Reco\u00adno\u00admy, <\/strong>com\u00admen\u00adted:<\/p><p>\u201cCen\u00adtra\u00adli\u00adsing our tech\u00adno\u00adlo\u00adgy capa\u00adbi\u00adli\u00adty and insour\u00adcing ope\u00adra\u00adti\u00adons is cri\u00adti\u00adcal to con\u00adso\u00adli\u00adda\u00adte our expan\u00adsi\u00adon to-date while set\u00adting the foun\u00adda\u00adti\u00adons for fur\u00adther inter\u00adna\u00adtio\u00adnal growth. Tech\u00adno\u00adlo\u00adgy and data are cru\u00adcial to acce\u00adle\u00adra\u00adting the tran\u00adsi\u00adti\u00adon to a cir\u00adcu\u00adlar eco\u00adno\u00admy, so by relent\u00adless\u00adly focu\u00adsing on buil\u00adding our capa\u00adbi\u00adli\u00adties we can con\u00adti\u00adnue to dri\u00adve posi\u00adti\u00adve chan\u00adge and deli\u00adver fan\u00adta\u00adstic solu\u00adti\u00adons to our cus\u00adto\u00admers. We extend a warm wel\u00adco\u00adme to our new col\u00adle\u00adagues based in Roma\u00adnia and look for\u00adward to their con\u00adtri\u00adbu\u00adti\u00adons to our ongo\u00ading suc\u00adcess.\u201d<\/p><p><strong>RecoTek Gene\u00adral Mana\u00adger, Maria\u00adna Sbar\u00adcea,<\/strong> added:<\/p><p>\u201cBucha\u00adrest is a huge\u00adly exci\u00adting base of glo\u00adbal tech\u00adno\u00adlo\u00adgy talent and I am exci\u00adted to be lea\u00adding this bril\u00adli\u00adant ope\u00adra\u00adti\u00adon and faci\u00adli\u00adty for such an inno\u00adva\u00adti\u00adve, inter\u00adna\u00adtio\u00adnal-facing and sus\u00adtaina\u00adbi\u00adli\u00adty dri\u00adven busi\u00adness. Brin\u00adging Reconomy\u2019s exis\u00adting tech capa\u00adbi\u00adli\u00adties under one roof will help the busi\u00adness rea\u00adli\u00adse its vast poten\u00adti\u00adal and help more cus\u00adto\u00admers achie\u00adve their sus\u00adtaina\u00adbi\u00adli\u00adty objec\u00adti\u00adves.\u201d<\/p><p><strong>Ali\u00adna Cio\u00adcoiu, Gene\u00adral Mana\u00adger, and And\u00adreea Cio\u00adcoiu, Mana\u00adging Part\u00adner at Ava\u00adlon Comp,<\/strong> which pro\u00advi\u00addes legal sup\u00adport ser\u00advices from its HQ in Bucha\u00adrest, said:<\/p><p>\u201cWe are proud, as a stra\u00adte\u00adgic part\u00adner of Reco\u00adno\u00admy, to join in cele\u00adbra\u00adting the launch of RecoTek. It has been an ama\u00adzing day and we are exci\u00adted to see RecoTek grow and build a suc\u00adcessful future here in Bucha\u00adrest.\u201d<\/p>\t\t\t\t\t\t\t\t<\/div>\n\t\t\t\t\t<\/div>\n\t\t<\/div>\n\t\t\t\t\t<\/div>\n\t\t<\/section>\n\t\t\t\t<\/div>\n\t\t","protected":false},"excerpt":{"rendered":"<p>Reco\u00adno\u00admy, the inter\u00adna\u00adtio\u00adnal cir\u00adcu\u00adlar eco\u00adno\u00admy spe\u00adcia\u00adlist, is deligh\u00adted to announ\u00adce the next step in its growth stra\u00adtegy with the launch of RecoTek \u2013 its new tech\u00adno\u00adlo\u00adgy hub in Bucha\u00adrest, Roma\u00adnia. Reco\u00adno\u00admy is a pio\u00adneer in Gre\u00aden\u00adtech, pro\u00advi\u00adding plat\u00adforms and pro\u00adces\u00adses for depo\u00adsit return sys\u00adtems, rever\u00adse ven\u00adding, pack\u00ada\u00adging and elec\u00adtri\u00adcal com\u00adpli\u00adance\u2026<\/p>\n","protected":false},"author":3,"featured_media":13626,"comment_status":"closed","ping_status":"open","sticky":false,"template":"","format":"standard","meta":{"_acf_changed":false,"wp_typography_post_enhancements_disabled":false,"footnotes":""},"categories":[59],"tags":[],"class_list":["post-13671","post","type-post","status-publish","format-standard","has-post-thumbnail","hentry","category-press-release"],"acf":[],"yoast_head":"<!-- This site is optimized with the Yoast SEO plugin v27.4 - https:\/\/yoast.com\/product\/yoast-seo-wordpress\/ -->\n<title>Reconomy opens innovative tech hub RecoTek in Bucharest - Noventiz<\/title>\n<meta name=\"description\" content=\"Reconomy, internationaler Spezialist f\u00fcr die Kreislaufwirtschaft, gr\u00fcndet ein eigenes, innovatives Technologiezentrum in Bukarest, Rum\u00e4nien.\" \/>\n<meta name=\"robots\" content=\"index, follow, max-snippet:-1, max-image-preview:large, max-video-preview:-1\" \/>\n<link rel=\"canonical\" href=\"https:\/\/www.noventiz.de\/en\/reconomy-opens-innovative-tech-hub-recotek-in-bukarest\/\" \/>\n<meta property=\"og:locale\" content=\"en_US\" \/>\n<meta property=\"og:type\" content=\"article\" \/>\n<meta property=\"og:title\" content=\"Reconomy opens innovative tech hub RecoTek in Bucharest - Noventiz\" \/>\n<meta property=\"og:description\" content=\"Reconomy, internationaler Spezialist f\u00fcr die Kreislaufwirtschaft, gr\u00fcndet ein eigenes, innovatives Technologiezentrum in Bukarest, Rum\u00e4nien.\" \/>\n<meta property=\"og:url\" content=\"https:\/\/www.noventiz.de\/en\/reconomy-opens-innovative-tech-hub-recotek-in-bukarest\/\" \/>\n<meta property=\"og:site_name\" content=\"Noventiz\" \/>\n<meta property=\"article:published_time\" content=\"2024-04-18T13:33:57+00:00\" \/>\n<meta property=\"article:modified_time\" content=\"2025-02-18T07:23:07+00:00\" \/>\n<meta property=\"og:image\" content=\"https:\/\/www.noventiz.de\/wp-content\/uploads\/reconomy-recotek-jpg.webp\" \/>\n\t<meta property=\"og:image:width\" content=\"1024\" \/>\n\t<meta property=\"og:image:height\" content=\"683\" \/>\n\t<meta property=\"og:image:type\" content=\"image\/jpeg\" \/>\n<meta name=\"author\" content=\"Dorothee\" \/>\n<meta name=\"twitter:card\" content=\"summary_large_image\" \/>\n<meta name=\"twitter:label1\" content=\"Written by\" \/>\n\t<meta name=\"twitter:data1\" content=\"Dorothee\" \/>\n\t<meta name=\"twitter:label2\" content=\"Est. reading time\" \/>\n\t<meta name=\"twitter:data2\" content=\"4 minutes\" \/>\n<script type=\"application\/ld+json\" class=\"yoast-schema-graph\">{\"@context\":\"https:\\\/\\\/schema.org\",\"@graph\":[{\"@type\":[\"Article\",\"BlogPosting\"],\"@id\":\"https:\\\/\\\/www.noventiz.de\\\/en\\\/reconomy-opens-innovative-tech-hub-recotek-in-bukarest\\\/#article\",\"isPartOf\":{\"@id\":\"https:\\\/\\\/www.noventiz.de\\\/en\\\/reconomy-opens-innovative-tech-hub-recotek-in-bukarest\\\/\"},\"author\":{\"name\":\"Dorothee\",\"@id\":\"https:\\\/\\\/www.noventiz.de\\\/en\\\/#\\\/schema\\\/person\\\/c62e1f62af925d23c2c9066db7818ada\"},\"headline\":\"Reco\u00adno\u00admy opens inno\u00adva\u00adti\u00adve tech hub RecoTek in Bucha\u00adrest\",\"datePublished\":\"2024-04-18T13:33:57+00:00\",\"dateModified\":\"2025-02-18T07:23:07+00:00\",\"mainEntityOfPage\":{\"@id\":\"https:\\\/\\\/www.noventiz.de\\\/en\\\/reconomy-opens-innovative-tech-hub-recotek-in-bukarest\\\/\"},\"wordCount\":596,\"publisher\":{\"@id\":\"https:\\\/\\\/www.noventiz.de\\\/en\\\/#organization\"},\"image\":{\"@id\":\"https:\\\/\\\/www.noventiz.de\\\/en\\\/reconomy-opens-innovative-tech-hub-recotek-in-bukarest\\\/#primaryimage\"},\"thumbnailUrl\":\"https:\\\/\\\/www.noventiz.de\\\/wp-content\\\/uploads\\\/reconomy-recotek-jpg.webp\",\"articleSection\":[\"Press release\"],\"inLanguage\":\"en-US\"},{\"@type\":\"WebPage\",\"@id\":\"https:\\\/\\\/www.noventiz.de\\\/en\\\/reconomy-opens-innovative-tech-hub-recotek-in-bukarest\\\/\",\"url\":\"https:\\\/\\\/www.noventiz.de\\\/en\\\/reconomy-opens-innovative-tech-hub-recotek-in-bukarest\\\/\",\"name\":\"Reconomy opens innovative tech hub RecoTek in Bucharest - Noventiz\",\"isPartOf\":{\"@id\":\"https:\\\/\\\/www.noventiz.de\\\/en\\\/#website\"},\"primaryImageOfPage\":{\"@id\":\"https:\\\/\\\/www.noventiz.de\\\/en\\\/reconomy-opens-innovative-tech-hub-recotek-in-bukarest\\\/#primaryimage\"},\"image\":{\"@id\":\"https:\\\/\\\/www.noventiz.de\\\/en\\\/reconomy-opens-innovative-tech-hub-recotek-in-bukarest\\\/#primaryimage\"},\"thumbnailUrl\":\"https:\\\/\\\/www.noventiz.de\\\/wp-content\\\/uploads\\\/reconomy-recotek-jpg.webp\",\"datePublished\":\"2024-04-18T13:33:57+00:00\",\"dateModified\":\"2025-02-18T07:23:07+00:00\",\"description\":\"Reconomy, internationaler Spezialist f\u00fcr die Kreislaufwirtschaft, gr\u00fcndet ein eigenes, innovatives Technologiezentrum in Bukarest, Rum\u00e4nien.\",\"breadcrumb\":{\"@id\":\"https:\\\/\\\/www.noventiz.de\\\/en\\\/reconomy-opens-innovative-tech-hub-recotek-in-bukarest\\\/#breadcrumb\"},\"inLanguage\":\"en-US\",\"potentialAction\":[{\"@type\":\"ReadAction\",\"target\":[\"https:\\\/\\\/www.noventiz.de\\\/en\\\/reconomy-opens-innovative-tech-hub-recotek-in-bukarest\\\/\"]}]},{\"@type\":\"ImageObject\",\"inLanguage\":\"en-US\",\"@id\":\"https:\\\/\\\/www.noventiz.de\\\/en\\\/reconomy-opens-innovative-tech-hub-recotek-in-bukarest\\\/#primaryimage\",\"url\":\"https:\\\/\\\/www.noventiz.de\\\/wp-content\\\/uploads\\\/reconomy-recotek-jpg.webp\",\"contentUrl\":\"https:\\\/\\\/www.noventiz.de\\\/wp-content\\\/uploads\\\/reconomy-recotek-jpg.webp\",\"width\":1024,\"height\":683,\"caption\":\"Reconomy er\u00f6ffnet\"},{\"@type\":\"BreadcrumbList\",\"@id\":\"https:\\\/\\\/www.noventiz.de\\\/en\\\/reconomy-opens-innovative-tech-hub-recotek-in-bukarest\\\/#breadcrumb\",\"itemListElement\":[{\"@type\":\"ListItem\",\"position\":1,\"name\":\"Home\",\"item\":\"https:\\\/\\\/www.noventiz.de\\\/en\\\/\"},{\"@type\":\"ListItem\",\"position\":2,\"name\":\"Reconomy opens innovative tech hub RecoTek in Bucharest\"}]},{\"@type\":\"WebSite\",\"@id\":\"https:\\\/\\\/www.noventiz.de\\\/en\\\/#website\",\"url\":\"https:\\\/\\\/www.noventiz.de\\\/en\\\/\",\"name\":\"Noventiz\",\"description\":\"Noventiz steht f\u00fcr Beratung, Service und Klarheit im undurchsichtigen Dschungel der Umweltgesetzgebung.\",\"publisher\":{\"@id\":\"https:\\\/\\\/www.noventiz.de\\\/en\\\/#organization\"},\"potentialAction\":[{\"@type\":\"SearchAction\",\"target\":{\"@type\":\"EntryPoint\",\"urlTemplate\":\"https:\\\/\\\/www.noventiz.de\\\/en\\\/?s={search_term_string}\"},\"query-input\":{\"@type\":\"PropertyValueSpecification\",\"valueRequired\":true,\"valueName\":\"search_term_string\"}}],\"inLanguage\":\"en-US\"},{\"@type\":\"Organization\",\"@id\":\"https:\\\/\\\/www.noventiz.de\\\/en\\\/#organization\",\"name\":\"Noventiz\",\"url\":\"https:\\\/\\\/www.noventiz.de\\\/en\\\/\",\"logo\":{\"@type\":\"ImageObject\",\"inLanguage\":\"en-US\",\"@id\":\"https:\\\/\\\/www.noventiz.de\\\/en\\\/#\\\/schema\\\/logo\\\/image\\\/\",\"url\":\"https:\\\/\\\/www.noventiz.de\\\/wp-content\\\/uploads\\\/Noventiz_Logo_Stacked_RGB_300px.png\",\"contentUrl\":\"https:\\\/\\\/www.noventiz.de\\\/wp-content\\\/uploads\\\/Noventiz_Logo_Stacked_RGB_300px.png\",\"width\":300,\"height\":300,\"caption\":\"Noventiz\"},\"image\":{\"@id\":\"https:\\\/\\\/www.noventiz.de\\\/en\\\/#\\\/schema\\\/logo\\\/image\\\/\"},\"sameAs\":[\"https:\\\/\\\/www.linkedin.com\\\/company\\\/noventiz\"]},{\"@type\":\"Person\",\"@id\":\"https:\\\/\\\/www.noventiz.de\\\/en\\\/#\\\/schema\\\/person\\\/c62e1f62af925d23c2c9066db7818ada\",\"name\":\"Dorothee\",\"image\":{\"@type\":\"ImageObject\",\"inLanguage\":\"en-US\",\"@id\":\"https:\\\/\\\/secure.gravatar.com\\\/avatar\\\/1101724d89e04019a812fdf0673260f6a5106bb56c127190f5542c5abc82dd91?s=96&d=mm&r=g\",\"url\":\"https:\\\/\\\/secure.gravatar.com\\\/avatar\\\/1101724d89e04019a812fdf0673260f6a5106bb56c127190f5542c5abc82dd91?s=96&d=mm&r=g\",\"contentUrl\":\"https:\\\/\\\/secure.gravatar.com\\\/avatar\\\/1101724d89e04019a812fdf0673260f6a5106bb56c127190f5542c5abc82dd91?s=96&d=mm&r=g\",\"caption\":\"Dorothee\"},\"url\":\"https:\\\/\\\/www.noventiz.de\\\/en\\\/author\\\/dorothee\\\/\"}]}<\/script>\n<!-- \/ Yoast SEO plugin. -->","yoast_head_json":{"title":"Reconomy opens innovative tech hub RecoTek in Bucharest - Noventiz","description":"Reconomy, internationaler Spezialist f\u00fcr die Kreislaufwirtschaft, gr\u00fcndet ein eigenes, innovatives Technologiezentrum in Bukarest, Rum\u00e4nien.","robots":{"index":"index","follow":"follow","max-snippet":"max-snippet:-1","max-image-preview":"max-image-preview:large","max-video-preview":"max-video-preview:-1"},"canonical":"https:\/\/www.noventiz.de\/en\/reconomy-opens-innovative-tech-hub-recotek-in-bukarest\/","og_locale":"en_US","og_type":"article","og_title":"Reconomy opens innovative tech hub RecoTek in Bucharest - Noventiz","og_description":"Reconomy, internationaler Spezialist f\u00fcr die Kreislaufwirtschaft, gr\u00fcndet ein eigenes, innovatives Technologiezentrum in Bukarest, Rum\u00e4nien.","og_url":"https:\/\/www.noventiz.de\/en\/reconomy-opens-innovative-tech-hub-recotek-in-bukarest\/","og_site_name":"Noventiz","article_published_time":"2024-04-18T13:33:57+00:00","article_modified_time":"2025-02-18T07:23:07+00:00","og_image":[{"width":1024,"height":683,"url":"https:\/\/www.noventiz.de\/wp-content\/uploads\/reconomy-recotek-jpg.webp","type":"image\/jpeg"}],"author":"Dorothee","twitter_card":"summary_large_image","twitter_misc":{"Written by":"Dorothee","Est. reading time":"4 minutes"},"schema":{"@context":"https:\/\/schema.org","@graph":[{"@type":["Article","BlogPosting"],"@id":"https:\/\/www.noventiz.de\/en\/reconomy-opens-innovative-tech-hub-recotek-in-bukarest\/#article","isPartOf":{"@id":"https:\/\/www.noventiz.de\/en\/reconomy-opens-innovative-tech-hub-recotek-in-bukarest\/"},"author":{"name":"Dorothee","@id":"https:\/\/www.noventiz.de\/en\/#\/schema\/person\/c62e1f62af925d23c2c9066db7818ada"},"headline":"Reco\u00adno\u00admy opens inno\u00adva\u00adti\u00adve tech hub RecoTek in Bucha\u00adrest","datePublished":"2024-04-18T13:33:57+00:00","dateModified":"2025-02-18T07:23:07+00:00","mainEntityOfPage":{"@id":"https:\/\/www.noventiz.de\/en\/reconomy-opens-innovative-tech-hub-recotek-in-bukarest\/"},"wordCount":596,"publisher":{"@id":"https:\/\/www.noventiz.de\/en\/#organization"},"image":{"@id":"https:\/\/www.noventiz.de\/en\/reconomy-opens-innovative-tech-hub-recotek-in-bukarest\/#primaryimage"},"thumbnailUrl":"https:\/\/www.noventiz.de\/wp-content\/uploads\/reconomy-recotek-jpg.webp","articleSection":["Press release"],"inLanguage":"en-US"},{"@type":"WebPage","@id":"https:\/\/www.noventiz.de\/en\/reconomy-opens-innovative-tech-hub-recotek-in-bukarest\/","url":"https:\/\/www.noventiz.de\/en\/reconomy-opens-innovative-tech-hub-recotek-in-bukarest\/","name":"Reconomy opens innovative tech hub RecoTek in Bucharest - Noventiz","isPartOf":{"@id":"https:\/\/www.noventiz.de\/en\/#website"},"primaryImageOfPage":{"@id":"https:\/\/www.noventiz.de\/en\/reconomy-opens-innovative-tech-hub-recotek-in-bukarest\/#primaryimage"},"image":{"@id":"https:\/\/www.noventiz.de\/en\/reconomy-opens-innovative-tech-hub-recotek-in-bukarest\/#primaryimage"},"thumbnailUrl":"https:\/\/www.noventiz.de\/wp-content\/uploads\/reconomy-recotek-jpg.webp","datePublished":"2024-04-18T13:33:57+00:00","dateModified":"2025-02-18T07:23:07+00:00","description":"Reconomy, internationaler Spezialist f\u00fcr die Kreislaufwirtschaft, gr\u00fcndet ein eigenes, innovatives Technologiezentrum in Bukarest, Rum\u00e4nien.","breadcrumb":{"@id":"https:\/\/www.noventiz.de\/en\/reconomy-opens-innovative-tech-hub-recotek-in-bukarest\/#breadcrumb"},"inLanguage":"en-US","potentialAction":[{"@type":"ReadAction","target":["https:\/\/www.noventiz.de\/en\/reconomy-opens-innovative-tech-hub-recotek-in-bukarest\/"]}]},{"@type":"ImageObject","inLanguage":"en-US","@id":"https:\/\/www.noventiz.de\/en\/reconomy-opens-innovative-tech-hub-recotek-in-bukarest\/#primaryimage","url":"https:\/\/www.noventiz.de\/wp-content\/uploads\/reconomy-recotek-jpg.webp","contentUrl":"https:\/\/www.noventiz.de\/wp-content\/uploads\/reconomy-recotek-jpg.webp","width":1024,"height":683,"caption":"Reconomy er\u00f6ffnet"},{"@type":"BreadcrumbList","@id":"https:\/\/www.noventiz.de\/en\/reconomy-opens-innovative-tech-hub-recotek-in-bukarest\/#breadcrumb","itemListElement":[{"@type":"ListItem","position":1,"name":"Home","item":"https:\/\/www.noventiz.de\/en\/"},{"@type":"ListItem","position":2,"name":"Reconomy opens innovative tech hub RecoTek in Bucharest"}]},{"@type":"WebSite","@id":"https:\/\/www.noventiz.de\/en\/#website","url":"https:\/\/www.noventiz.de\/en\/","name":"Noventiz","description":"Noventiz steht f\u00fcr Beratung, Service und Klarheit im undurchsichtigen Dschungel der Umweltgesetzgebung.","publisher":{"@id":"https:\/\/www.noventiz.de\/en\/#organization"},"potentialAction":[{"@type":"SearchAction","target":{"@type":"EntryPoint","urlTemplate":"https:\/\/www.noventiz.de\/en\/?s={search_term_string}"},"query-input":{"@type":"PropertyValueSpecification","valueRequired":true,"valueName":"search_term_string"}}],"inLanguage":"en-US"},{"@type":"Organization","@id":"https:\/\/www.noventiz.de\/en\/#organization","name":"Noventiz","url":"https:\/\/www.noventiz.de\/en\/","logo":{"@type":"ImageObject","inLanguage":"en-US","@id":"https:\/\/www.noventiz.de\/en\/#\/schema\/logo\/image\/","url":"https:\/\/www.noventiz.de\/wp-content\/uploads\/Noventiz_Logo_Stacked_RGB_300px.png","contentUrl":"https:\/\/www.noventiz.de\/wp-content\/uploads\/Noventiz_Logo_Stacked_RGB_300px.png","width":300,"height":300,"caption":"Noventiz"},"image":{"@id":"https:\/\/www.noventiz.de\/en\/#\/schema\/logo\/image\/"},"sameAs":["https:\/\/www.linkedin.com\/company\/noventiz"]},{"@type":"Person","@id":"https:\/\/www.noventiz.de\/en\/#\/schema\/person\/c62e1f62af925d23c2c9066db7818ada","name":"Dorothee","image":{"@type":"ImageObject","inLanguage":"en-US","@id":"https:\/\/secure.gravatar.com\/avatar\/1101724d89e04019a812fdf0673260f6a5106bb56c127190f5542c5abc82dd91?s=96&d=mm&r=g","url":"https:\/\/secure.gravatar.com\/avatar\/1101724d89e04019a812fdf0673260f6a5106bb56c127190f5542c5abc82dd91?s=96&d=mm&r=g","contentUrl":"https:\/\/secure.gravatar.com\/avatar\/1101724d89e04019a812fdf0673260f6a5106bb56c127190f5542c5abc82dd91?s=96&d=mm&r=g","caption":"Dorothee"},"url":"https:\/\/www.noventiz.de\/en\/author\/dorothee\/"}]}},"_links":{"self":[{"href":"https:\/\/www.noventiz.de\/en\/wp-json\/wp\/v2\/posts\/13671","targetHints":{"allow":["GET"]}}],"collection":[{"href":"https:\/\/www.noventiz.de\/en\/wp-json\/wp\/v2\/posts"}],"about":[{"href":"https:\/\/www.noventiz.de\/en\/wp-json\/wp\/v2\/types\/post"}],"author":[{"embeddable":true,"href":"https:\/\/www.noventiz.de\/en\/wp-json\/wp\/v2\/users\/3"}],"replies":[{"embeddable":true,"href":"https:\/\/www.noventiz.de\/en\/wp-json\/wp\/v2\/comments?post=13671"}],"version-history":[{"count":0,"href":"https:\/\/www.noventiz.de\/en\/wp-json\/wp\/v2\/posts\/13671\/revisions"}],"wp:featuredmedia":[{"embeddable":true,"href":"https:\/\/www.noventiz.de\/en\/wp-json\/wp\/v2\/media\/13626"}],"wp:attachment":[{"href":"https:\/\/www.noventiz.de\/en\/wp-json\/wp\/v2\/media?parent=13671"}],"wp:term":[{"taxonomy":"category","embeddable":true,"href":"https:\/\/www.noventiz.de\/en\/wp-json\/wp\/v2\/categories?post=13671"},{"taxonomy":"post_tag","embeddable":true,"href":"https:\/\/www.noventiz.de\/en\/wp-json\/wp\/v2\/tags?post=13671"}],"curies":[{"name":"wp","href":"https:\/\/api.w.org\/{rel}","templated":true}]}}